[{"@context":"https:\/\/schema.org\/","@type":"Article","@id":"https:\/\/www.lastavica.cz\/zimni-dovolena-v-alpach\/#Article","mainEntityOfPage":"https:\/\/www.lastavica.cz\/zimni-dovolena-v-alpach\/","headline":"Zimn\u00ed dovolen\u00e1 v Alp\u00e1ch","name":"Zimn\u00ed dovolen\u00e1 v Alp\u00e1ch","description":"Mo\u017enost\u00ed, kam vyjet na zimn\u00ed dovolenou mimo \u010cR, je jist\u011b mnoho. Kdo m\u00e1 r\u00e1d alpsk\u00e9 &hellip; ","datePublished":"2020-01-05","dateModified":"2023-04-29","author":{"@type":"Person","@id":"https:\/\/www.lastavica.cz\/author\/#Person","name":"","url":"https:\/\/www.lastavica.cz\/author\/","identifier":1,"image":{"@type":"ImageObject","@id":"https:\/\/secure.gravatar.com\/avatar\/82449f5dd313bdc88befc1a2d3138ce45c5e7d5eeee84221e3cf7fbc184b80d3?s=96&d=mm&r=g","url":"https:\/\/secure.gravatar.com\/avatar\/82449f5dd313bdc88befc1a2d3138ce45c5e7d5eeee84221e3cf7fbc184b80d3?s=96&d=mm&r=g","height":96,"width":96}},"publisher":{"@type":"Organization","name":"lastavica.cz","logo":{"@type":"ImageObject","@id":"\/logo.png","url":"\/logo.png","width":600,"height":60}},"image":{"@type":"ImageObject","@id":"https:\/\/www.lastavica.cz\/wp-content\/uploads\/img_a367669_w3160_t1580196271.jpg","url":"https:\/\/www.lastavica.cz\/wp-content\/uploads\/img_a367669_w3160_t1580196271.jpg","height":0,"width":0},"url":"https:\/\/www.lastavica.cz\/zimni-dovolena-v-alpach\/","about":["Dovolen\u00e1"],"wordCount":442,"articleBody":"Mo\u017enost\u00ed, kam vyjet na zimn\u00ed dovolenou mimo \u010cR, je jist\u011b mnoho. Kdo m\u00e1 r\u00e1d alpsk\u00e9 ly\u017eov\u00e1n\u00ed, m\u016f\u017ee si vybrat Rakousko, \u0160v\u00fdcarsko, It\u00e1lii nebo Francii. Anebo vyrazit do Julsk\u00fdch Alp. My se tentokr\u00e1t pod\u00edv\u00e1me na ly\u017eov\u00e1n\u00ed v\u00a0rakousk\u00fdch Alp\u00e1ch. Pt\u00e1te se pro\u010d pr\u00e1v\u011b tam? Proto\u017ee je to z\u00a0\u010cesk\u00e9 republiky nejbl\u00ed\u017e a vy si tam m\u016f\u017eete zajet autem t\u0159eba jen na prodlou\u017een\u00fd v\u00edkend a i tak si u\u017eijete zimn\u00edho sportov\u00e1n\u00ed do sytosti. Anebo proto, \u017ee ly\u017eov\u00e1n\u00ed v\u00a0Rakousku m\u00e1 nejdel\u0161\u00ed historii &#8211; pobl\u00ed\u017e Arlbersk\u00e9ho pr\u016fsmyku byla z\u0159\u00edzena prvn\u00ed sjezdovka na sv\u011bt\u011b, a to u\u017e v\u00a0roce 1904. A tak\u00e9 z\u00a0toho d\u016fvodu, \u017ee v\u00a0Rakousku je dnes u\u017e v\u00edce ne\u017e 2,5 tis\u00edce modern\u00edch lanovek a vlek\u016f, 7200 sjezdovek v\u0161ech obt\u00ed\u017enost\u00ed a 8 ledovcov\u00fdch are\u00e1l\u016f. A je tam v\u017edycky dostatek sn\u011bhu, tak\u017ee pro jeho milovn\u00edky je Rakousko prav\u00fd r\u00e1j.N\u00e1zvy m\u011bst a ly\u017ea\u0159sk\u00fdch st\u0159edisek jako Kitzb\u00fchel, Schladming, Kaprun, Zillertal, Dachstein, a dal\u0161\u00ed, pro v\u00e1s jist\u011b nejsou nezn\u00e1m\u00e9, by\u0165 byste doposud sledovali zimn\u00ed sporty jen v\u00a0televizi. V\u00a0posledn\u00edch letech je pro n\u00e1v\u0161t\u011bvn\u00edky rakousk\u00fdch Alp velk\u00fdm p\u0159\u00ednosem to, \u017ee se ly\u017ea\u0159sk\u00e1 st\u0159ediska sdru\u017euj\u00ed do v\u011bt\u0161\u00edch region\u016f a v\u00a0nich plat\u00ed jednotn\u00e9 permanentky.\tPro \u010desk\u00e9 ly\u017ea\u0159e je nejbli\u017e\u0161\u00ed a z\u00e1rove\u0148 nejobl\u00edben\u011bj\u0161\u00ed oblast Soln\u00e9 komory (Salzkammergut), kter\u00e1 se nach\u00e1z\u00ed jihov\u00fdchodn\u011b od Salzburgu. Tam, pod horsk\u00fdm mas\u00edvem Dachsteinu (Hoher Dachstein 2995 m. n. m., Niederer Dachstein 2934 m. n. m.), se nach\u00e1z\u00ed hned n\u011bkolik ly\u017ea\u0159sk\u00fdch st\u0159edisek spojen\u00fdch do regionu Dachstein West \u2013 Gosau, Russbach, Annaberg, Zwiselalm, Ramsau, Filzmoos, a dal\u0161\u00ed. Ly\u017eovat lze i p\u0159\u00edmo naho\u0159e na ledovci (Dachsteingletscher, Schladmingletscher).\t\tSkipass z\u00a0t\u00e9to oblasti plat\u00ed i pro Freesports Arena Dachstein Krippenstein, kter\u00e1 se nal\u00e9z\u00e1 na severov\u00fdchodn\u00ed stran\u011b Dachsteinu a vede z\u00a0Krippensteinu a\u017e k\u00a0Hal\u0161tatsk\u00e9mu jezeru do Obertraunu (p\u0159ev\u00fd\u0161en\u00ed 1500 m). Tyto nekone\u010dn\u00e9 b\u00edl\u00e9 sn\u011b\u017en\u00e9 pl\u00e1n\u011b se st\u00e1le \u010derstv\u00fdm pra\u0161anem vyhled\u00e1vaj\u00ed freeride\u0159i, kter\u00fdm u\u010daroval voln\u00fd ter\u00e9n, v\u00a0n\u011bm\u017e mohou zdol\u00e1vat panensk\u00e9 svahy.\tB\u011b\u017eka\u0159e zase jist\u011b pot\u011b\u0161\u00ed dokonale upraven\u00e9, a neplacen\u00e9, b\u00edl\u00e9 stopy v\u00a0\u00fadol\u00ed Lammertal.\tDal\u0161\u00ed sjezdovky, a to doslova jedna za druhou, na v\u00e1s tak\u00e9 \u010dekaj\u00ed od Schladmingu, p\u0159es Radstadt a\u017e po Flachau.                                                                                                                                                                                                                                                                                                                                                                                        3.9\/5 - (9 votes)        "},{"@context":"https:\/\/schema.org\/","@type":"BreadcrumbList","itemListElement":[{"@type":"ListItem","position":1,"name":"Zimn\u00ed dovolen\u00e1 v Alp\u00e1ch","item":"https:\/\/www.lastavica.cz\/zimni-dovolena-v-alpach\/#breadcrumbitem"}]}]