[{"@context":"https:\/\/schema.org\/","@type":"Article","@id":"https:\/\/www.lastavica.cz\/ubytovani-v-jesenikach-je-krasne\/#Article","mainEntityOfPage":"https:\/\/www.lastavica.cz\/ubytovani-v-jesenikach-je-krasne\/","headline":"Ubytov\u00e1n\u00ed v\u00a0Jesen\u00edk\u00e1ch je kr\u00e1sn\u00e9","name":"Ubytov\u00e1n\u00ed v\u00a0Jesen\u00edk\u00e1ch je kr\u00e1sn\u00e9","description":"Vad\u00ed V\u00e1m, \u017ee v\u011bt\u0161ina ly\u017ea\u0159sk\u00fdch st\u0159edisek V\u00e1m nab\u00eddne pouze svahy, kter\u00e9 jsou p\u0159edra\u017een\u00e9 a nenajdete &hellip; ","datePublished":"2025-04-22","dateModified":"2025-04-22","author":{"@type":"Person","@id":"https:\/\/www.lastavica.cz\/author\/#Person","name":"","url":"https:\/\/www.lastavica.cz\/author\/","identifier":1,"image":{"@type":"ImageObject","@id":"https:\/\/secure.gravatar.com\/avatar\/82449f5dd313bdc88befc1a2d3138ce45c5e7d5eeee84221e3cf7fbc184b80d3?s=96&d=mm&r=g","url":"https:\/\/secure.gravatar.com\/avatar\/82449f5dd313bdc88befc1a2d3138ce45c5e7d5eeee84221e3cf7fbc184b80d3?s=96&d=mm&r=g","height":96,"width":96}},"publisher":{"@type":"Organization","name":"lastavica.cz","logo":{"@type":"ImageObject","@id":"\/logo.png","url":"\/logo.png","width":600,"height":60}},"url":"https:\/\/www.lastavica.cz\/ubytovani-v-jesenikach-je-krasne\/","wordCount":208,"articleBody":"Vad\u00ed V\u00e1m, \u017ee v\u011bt\u0161ina ly\u017ea\u0159sk\u00fdch st\u0159edisek V\u00e1m nab\u00eddne pouze svahy, kter\u00e9 jsou p\u0159edra\u017een\u00e9 a nenajdete zde ani mo\u017enost zaj\u00edt si na b\u011b\u017eky? U n\u00e1s to ale neplat\u00ed. Ubytov\u00e1n\u00ed Jesen\u00edky V\u00e1m nab\u00eddne jak ly\u017ee, tak i b\u011b\u017eky.Vzhledem k tomu, \u017ee n\u00e1\u0161 hotel spolupracuje s majiteli vlek\u016f, tak si zaly\u017eujete za skv\u011bl\u00e9 ceny a nav\u00edc nemus\u00edte m\u00edt ly\u017ee, ani jin\u00e9 pot\u0159eby, jeliko\u017e m\u00e1me vlastn\u00ed p\u016fj\u010dovnu, kde V\u00e1m p\u016fj\u010d\u00edme jak ly\u017ee, tak b\u011b\u017eky, snowboard, \u010di t\u0159eba s\u00e1n\u011b nebo boby. Na\u0161e ubytov\u00e1n\u00ed Jesen\u00edky je pln\u011b vybaven\u00e9 a p\u0159ipraven\u00e9 na Va\u0161\u00ed zimn\u00ed n\u00e1v\u0161t\u011bvu. Nejezd\u011bte proto nikam daleko do zahrani\u010d\u00ed, kdy\u017e i u n\u00e1s najdete skv\u011bl\u00e9 slu\u017eby.P\u0159esv\u011bd\u010dte se o na\u0161ich kvalit\u00e1chP\u0159esv\u011bd\u010dte se o tom, \u017ee ubytov\u00e1n\u00ed Jesen\u00edky je skute\u010dn\u011b kvalitn\u00ed. Nesm\u00edme se zapomenout zm\u00ednit o tom, \u017ee se zde po\u0159\u00e1d\u00e1 i pravideln\u00fd b\u011b\u017eka\u0159sk\u00fd z\u00e1vod, kter\u00e9ho se m\u016f\u017eete z\u00fa\u010dastnit i Vy.                                                                                                                                                                                                                                                                                                                                                                                        2\/5 - (1 vote)        "},{"@context":"https:\/\/schema.org\/","@type":"BreadcrumbList","itemListElement":[{"@type":"ListItem","position":1,"name":"Ubytov\u00e1n\u00ed v\u00a0Jesen\u00edk\u00e1ch je kr\u00e1sn\u00e9","item":"https:\/\/www.lastavica.cz\/ubytovani-v-jesenikach-je-krasne\/#breadcrumbitem"}]}]